{"id":3900,"date":"2015-06-17T08:31:31","date_gmt":"2015-06-17T08:31:31","guid":{"rendered":"http:\/\/eastwego.com\/?p=3900"},"modified":"2018-02-11T12:15:17","modified_gmt":"2018-02-11T12:15:17","slug":"trummelbach-interlaken-switzerland","status":"publish","type":"post","link":"http:\/\/eastwego.com\/pl\/trummelbach-interlaken-switzerland\/","title":{"rendered":"Tr\u00fcmmelbach  i Interlaken, Szwajcaria"},"content":{"rendered":"<p style=\"text-align: justify;\"><img data-attachment-id=\"3885\" data-permalink=\"http:\/\/eastwego.com\/pl\/trummelbach-interlaken-switzerland\/interlaken-and-waterfall-13\/\" data-orig-file=\"http:\/\/eastwego.com\/wp-content\/uploads\/2015\/06\/Interlaken-and-waterfall-13.jpg\" data-orig-size=\"800,450\" data-comments-opened=\"1\" data-image-meta=\"{&quot;aperture&quot;:&quot;3.6&quot;,&quot;credit&quot;:&quot;&quot;,&quot;camera&quot;:&quot;X10&quot;,&quot;caption&quot;:&quot;&quot;,&quot;created_timestamp&quot;:&quot;1432568588&quot;,&quot;copyright&quot;:&quot;&quot;,&quot;focal_length&quot;:&quot;12.7&quot;,&quot;iso&quot;:&quot;100&quot;,&quot;shutter_speed&quot;:&quot;0.003125&quot;,&quot;title&quot;:&quot;&quot;,&quot;orientation&quot;:&quot;0&quot;}\" data-image-title=\"Interlaken and waterfall-13\" data-image-description=\"\" data-medium-file=\"http:\/\/eastwego.com\/wp-content\/uploads\/2015\/06\/Interlaken-and-waterfall-13-300x169.jpg\" data-large-file=\"http:\/\/eastwego.com\/wp-content\/uploads\/2015\/06\/Interlaken-and-waterfall-13.jpg\" loading=\"lazy\" class=\"alignnone size-full wp-image-3885\" src=\"http:\/\/eastwego.com\/wp-content\/uploads\/2015\/06\/Interlaken-and-waterfall-13.jpg\" alt=\"Interlaken and waterfall-13\" width=\"800\" height=\"450\" srcset=\"http:\/\/eastwego.com\/wp-content\/uploads\/2015\/06\/Interlaken-and-waterfall-13.jpg 800w, http:\/\/eastwego.com\/wp-content\/uploads\/2015\/06\/Interlaken-and-waterfall-13-300x169.jpg 300w\" sizes=\"(max-width: 800px) 100vw, 800px\" \/>W Szwajcarii pi\u0119knych miejsc na g\u00f3rskie spacery jest co niemiara. Otworzy\u0142am przewodnik, by znale\u017a\u0107 jak\u0105\u015b ciekaw\u0105 propozycj\u0119 na jednodniow\u0105 wycieczk\u0119 niedaleko Zurychu i przyt\u0142oczy\u0142a mnie ilo\u015b\u0107 polecanych miejsc, szlak\u00f3w g\u00f3rskich, ma\u0142ych wiosek na jeziorami itp. Jest z czego wybiera\u0107. Niestety pogoda nam nie sprzyja\u0142a, by\u0142o pochmurnie, deszczowo i ch\u0142odno. Nie byli\u015bmy ani przygotowani, ani ch\u0119tni, by chodzi\u0107 po g\u00f3rach w deszczu. By\u0142a jeszcze opcja dla g\u00f3rskich oszust\u00f3w, by zamiast kilkugodzinnej wspinaczki wyjecha\u0107 jedn\u0105 z wielu kolejek linowych na szczyt. Opcja kusz\u0105ca, ale wykraczaj\u0105ca ponad nasz bud\u017cet, a poza tym bez pewno\u015bci, \u017ce na szczycie b\u0119dziemy mie\u0107 \u0142adne widoki niezas\u0142oni\u0119te chmurami i mg\u0142\u0105, nie chcieli\u015bmy ryzykowa\u0107. Wtedy pojawi\u0142a si\u0119 opcja po\u015brednia, nie g\u00f3ry, bo pada, ale jaskinia, cho\u0107 nietypowa, bo z wielkim wodospadem w \u015brodku. Tr\u00fcmmelbach to seria dziesi\u0119ciu lodowcowych wodospad\u00f3w \u0142\u0105cz\u0105cych si\u0119 w jeden ogromny o wysoko\u015bci 140 metr\u00f3w, po\u0142o\u017conych w dolinie Lauterbrunnental, zwanej tak\u017ce Dolin\u0105 72 Wodospad\u00f3w. By zobaczy\u0107 wszystkie wodospady mo\u017cna albo wdrapa\u0107 si\u0119 po schodach na liczne platformy widokowe lub te\u017c wyjecha\u0107 wind\u0105 w \u015brodku jaskini. Nast\u0119pnie wychodzi si\u0119 jeszcze na kilka \u201cpi\u0119ter\u201d przechodz\u0105c przez ciemne korytarze i balkony widokowe. Nie to samo co chodzenie po g\u00f3rach, ale fajna zabawa i tak \ud83d\ude42<\/p>\n<p><img data-attachment-id=\"3884\" data-permalink=\"http:\/\/eastwego.com\/pl\/trummelbach-interlaken-switzerland\/interlaken-and-waterfall-12\/\" data-orig-file=\"http:\/\/eastwego.com\/wp-content\/uploads\/2015\/06\/Interlaken-and-waterfall-12.jpg\" data-orig-size=\"800,450\" data-comments-opened=\"1\" data-image-meta=\"{&quot;aperture&quot;:&quot;2.8&quot;,&quot;credit&quot;:&quot;&quot;,&quot;camera&quot;:&quot;X10&quot;,&quot;caption&quot;:&quot;&quot;,&quot;created_timestamp&quot;:&quot;1432568410&quot;,&quot;copyright&quot;:&quot;&quot;,&quot;focal_length&quot;:&quot;28.4&quot;,&quot;iso&quot;:&quot;200&quot;,&quot;shutter_speed&quot;:&quot;0.00625&quot;,&quot;title&quot;:&quot;&quot;,&quot;orientation&quot;:&quot;0&quot;}\" data-image-title=\"Interlaken and waterfall-12\" data-image-description=\"\" data-medium-file=\"http:\/\/eastwego.com\/wp-content\/uploads\/2015\/06\/Interlaken-and-waterfall-12-300x169.jpg\" data-large-file=\"http:\/\/eastwego.com\/wp-content\/uploads\/2015\/06\/Interlaken-and-waterfall-12.jpg\" loading=\"lazy\" class=\"alignnone size-full wp-image-3884\" src=\"http:\/\/eastwego.com\/wp-content\/uploads\/2015\/06\/Interlaken-and-waterfall-12.jpg\" alt=\"Interlaken and waterfall-12\" width=\"800\" height=\"450\" srcset=\"http:\/\/eastwego.com\/wp-content\/uploads\/2015\/06\/Interlaken-and-waterfall-12.jpg 800w, http:\/\/eastwego.com\/wp-content\/uploads\/2015\/06\/Interlaken-and-waterfall-12-300x169.jpg 300w\" sizes=\"(max-width: 800px) 100vw, 800px\" \/> <img data-attachment-id=\"3882\" data-permalink=\"http:\/\/eastwego.com\/pl\/trummelbach-interlaken-switzerland\/interlaken-and-waterfall-10\/\" data-orig-file=\"http:\/\/eastwego.com\/wp-content\/uploads\/2015\/06\/Interlaken-and-waterfall-10.jpg\" data-orig-size=\"800,450\" data-comments-opened=\"1\" data-image-meta=\"{&quot;aperture&quot;:&quot;2&quot;,&quot;credit&quot;:&quot;&quot;,&quot;camera&quot;:&quot;X10&quot;,&quot;caption&quot;:&quot;&quot;,&quot;created_timestamp&quot;:&quot;1432568078&quot;,&quot;copyright&quot;:&quot;&quot;,&quot;focal_length&quot;:&quot;7.1&quot;,&quot;iso&quot;:&quot;500&quot;,&quot;shutter_speed&quot;:&quot;0.0666666666667&quot;,&quot;title&quot;:&quot;&quot;,&quot;orientation&quot;:&quot;0&quot;}\" data-image-title=\"Interlaken and waterfall-10\" data-image-description=\"\" data-medium-file=\"http:\/\/eastwego.com\/wp-content\/uploads\/2015\/06\/Interlaken-and-waterfall-10-300x169.jpg\" data-large-file=\"http:\/\/eastwego.com\/wp-content\/uploads\/2015\/06\/Interlaken-and-waterfall-10.jpg\" loading=\"lazy\" class=\"alignnone size-full wp-image-3882\" src=\"http:\/\/eastwego.com\/wp-content\/uploads\/2015\/06\/Interlaken-and-waterfall-10.jpg\" alt=\"Interlaken and waterfall-10\" width=\"800\" height=\"450\" srcset=\"http:\/\/eastwego.com\/wp-content\/uploads\/2015\/06\/Interlaken-and-waterfall-10.jpg 800w, http:\/\/eastwego.com\/wp-content\/uploads\/2015\/06\/Interlaken-and-waterfall-10-300x169.jpg 300w\" sizes=\"(max-width: 800px) 100vw, 800px\" \/> <img data-attachment-id=\"3880\" data-permalink=\"http:\/\/eastwego.com\/pl\/trummelbach-interlaken-switzerland\/interlaken-and-waterfall-8\/\" data-orig-file=\"http:\/\/eastwego.com\/wp-content\/uploads\/2015\/06\/Interlaken-and-waterfall-8.jpg\" data-orig-size=\"338,600\" data-comments-opened=\"1\" data-image-meta=\"{&quot;aperture&quot;:&quot;2.2&quot;,&quot;credit&quot;:&quot;&quot;,&quot;camera&quot;:&quot;X10&quot;,&quot;caption&quot;:&quot;&quot;,&quot;created_timestamp&quot;:&quot;1432567507&quot;,&quot;copyright&quot;:&quot;&quot;,&quot;focal_length&quot;:&quot;7.6&quot;,&quot;iso&quot;:&quot;500&quot;,&quot;shutter_speed&quot;:&quot;0.0666666666667&quot;,&quot;title&quot;:&quot;&quot;,&quot;orientation&quot;:&quot;0&quot;}\" data-image-title=\"Interlaken and waterfall-8\" data-image-description=\"\" data-medium-file=\"http:\/\/eastwego.com\/wp-content\/uploads\/2015\/06\/Interlaken-and-waterfall-8-169x300.jpg\" data-large-file=\"http:\/\/eastwego.com\/wp-content\/uploads\/2015\/06\/Interlaken-and-waterfall-8.jpg\" loading=\"lazy\" class=\" size-full wp-image-3880 aligncenter\" src=\"http:\/\/eastwego.com\/wp-content\/uploads\/2015\/06\/Interlaken-and-waterfall-8.jpg\" alt=\"Interlaken and waterfall-8\" width=\"338\" height=\"600\" srcset=\"http:\/\/eastwego.com\/wp-content\/uploads\/2015\/06\/Interlaken-and-waterfall-8.jpg 338w, http:\/\/eastwego.com\/wp-content\/uploads\/2015\/06\/Interlaken-and-waterfall-8-169x300.jpg 169w\" sizes=\"(max-width: 338px) 100vw, 338px\" \/><\/p>\n<p style=\"text-align: justify;\">Oko\u0142o 20 km od wodospad\u00f3w znajduje si\u0119 ma\u0142e miasteczko Interlaken, po\u0142o\u017cone pomi\u0119dzy dwoma jeziorami. Stanowi ono punkt wypadowy wycieczek w Alpy Berne\u0144skie. Samo miasto jest \u0142adne, ale niezbyt ciekawe. Do g\u0142\u00f3wnych atrakcji nale\u017c\u0105 sklepy z bardzo drogimi zegarkami i wyszukanymi scyzorykami.<\/p>\n<p style=\"text-align: justify;\"><img data-attachment-id=\"3891\" data-permalink=\"http:\/\/eastwego.com\/pl\/trummelbach-interlaken-switzerland\/interlaken-and-waterfall-19\/\" data-orig-file=\"http:\/\/eastwego.com\/wp-content\/uploads\/2015\/06\/Interlaken-and-waterfall-19.jpg\" data-orig-size=\"338,600\" data-comments-opened=\"1\" data-image-meta=\"{&quot;aperture&quot;:&quot;3.2&quot;,&quot;credit&quot;:&quot;&quot;,&quot;camera&quot;:&quot;X10&quot;,&quot;caption&quot;:&quot;&quot;,&quot;created_timestamp&quot;:&quot;1432572149&quot;,&quot;copyright&quot;:&quot;&quot;,&quot;focal_length&quot;:&quot;7.1&quot;,&quot;iso&quot;:&quot;100&quot;,&quot;shutter_speed&quot;:&quot;0.00222222222222&quot;,&quot;title&quot;:&quot;&quot;,&quot;orientation&quot;:&quot;0&quot;}\" data-image-title=\"Interlaken and waterfall-19\" data-image-description=\"\" data-medium-file=\"http:\/\/eastwego.com\/wp-content\/uploads\/2015\/06\/Interlaken-and-waterfall-19-169x300.jpg\" data-large-file=\"http:\/\/eastwego.com\/wp-content\/uploads\/2015\/06\/Interlaken-and-waterfall-19.jpg\" loading=\"lazy\" class=\" size-full wp-image-3891 aligncenter\" src=\"http:\/\/eastwego.com\/wp-content\/uploads\/2015\/06\/Interlaken-and-waterfall-19.jpg\" alt=\"Interlaken and waterfall-19\" width=\"338\" height=\"600\" srcset=\"http:\/\/eastwego.com\/wp-content\/uploads\/2015\/06\/Interlaken-and-waterfall-19.jpg 338w, http:\/\/eastwego.com\/wp-content\/uploads\/2015\/06\/Interlaken-and-waterfall-19-169x300.jpg 169w\" sizes=\"(max-width: 338px) 100vw, 338px\" \/> <img data-attachment-id=\"3890\" data-permalink=\"http:\/\/eastwego.com\/pl\/trummelbach-interlaken-switzerland\/interlaken-and-waterfall-18\/\" data-orig-file=\"http:\/\/eastwego.com\/wp-content\/uploads\/2015\/06\/Interlaken-and-waterfall-18.jpg\" data-orig-size=\"800,450\" data-comments-opened=\"1\" data-image-meta=\"{&quot;aperture&quot;:&quot;7.1&quot;,&quot;credit&quot;:&quot;&quot;,&quot;camera&quot;:&quot;X10&quot;,&quot;caption&quot;:&quot;&quot;,&quot;created_timestamp&quot;:&quot;1432570286&quot;,&quot;copyright&quot;:&quot;&quot;,&quot;focal_length&quot;:&quot;13.7&quot;,&quot;iso&quot;:&quot;100&quot;,&quot;shutter_speed&quot;:&quot;0.002&quot;,&quot;title&quot;:&quot;&quot;,&quot;orientation&quot;:&quot;0&quot;}\" data-image-title=\"Interlaken and waterfall-18\" data-image-description=\"\" data-medium-file=\"http:\/\/eastwego.com\/wp-content\/uploads\/2015\/06\/Interlaken-and-waterfall-18-300x169.jpg\" data-large-file=\"http:\/\/eastwego.com\/wp-content\/uploads\/2015\/06\/Interlaken-and-waterfall-18.jpg\" loading=\"lazy\" class=\"alignnone size-full wp-image-3890\" src=\"http:\/\/eastwego.com\/wp-content\/uploads\/2015\/06\/Interlaken-and-waterfall-18.jpg\" alt=\"Interlaken and waterfall-18\" width=\"800\" height=\"450\" srcset=\"http:\/\/eastwego.com\/wp-content\/uploads\/2015\/06\/Interlaken-and-waterfall-18.jpg 800w, http:\/\/eastwego.com\/wp-content\/uploads\/2015\/06\/Interlaken-and-waterfall-18-300x169.jpg 300w\" sizes=\"(max-width: 800px) 100vw, 800px\" \/> <img data-attachment-id=\"3894\" data-permalink=\"http:\/\/eastwego.com\/pl\/trummelbach-interlaken-switzerland\/interlaken-and-waterfall-22\/\" data-orig-file=\"http:\/\/eastwego.com\/wp-content\/uploads\/2015\/06\/Interlaken-and-waterfall-22.jpg\" data-orig-size=\"800,450\" data-comments-opened=\"1\" data-image-meta=\"{&quot;aperture&quot;:&quot;2.2&quot;,&quot;credit&quot;:&quot;&quot;,&quot;camera&quot;:&quot;X10&quot;,&quot;caption&quot;:&quot;&quot;,&quot;created_timestamp&quot;:&quot;1432577828&quot;,&quot;copyright&quot;:&quot;&quot;,&quot;focal_length&quot;:&quot;11.7&quot;,&quot;iso&quot;:&quot;100&quot;,&quot;shutter_speed&quot;:&quot;0.005&quot;,&quot;title&quot;:&quot;&quot;,&quot;orientation&quot;:&quot;0&quot;}\" data-image-title=\"Interlaken and waterfall-22\" data-image-description=\"\" data-medium-file=\"http:\/\/eastwego.com\/wp-content\/uploads\/2015\/06\/Interlaken-and-waterfall-22-300x169.jpg\" data-large-file=\"http:\/\/eastwego.com\/wp-content\/uploads\/2015\/06\/Interlaken-and-waterfall-22.jpg\" loading=\"lazy\" class=\"alignnone size-full wp-image-3894\" src=\"http:\/\/eastwego.com\/wp-content\/uploads\/2015\/06\/Interlaken-and-waterfall-22.jpg\" alt=\"Interlaken and waterfall-22\" width=\"800\" height=\"450\" srcset=\"http:\/\/eastwego.com\/wp-content\/uploads\/2015\/06\/Interlaken-and-waterfall-22.jpg 800w, http:\/\/eastwego.com\/wp-content\/uploads\/2015\/06\/Interlaken-and-waterfall-22-300x169.jpg 300w\" sizes=\"(max-width: 800px) 100vw, 800px\" \/><\/p>\n<p style=\"text-align: justify;\">Nie b\u0119dzie wielkim okryciem powiedzie\u0107, \u017ce krajobraz Szwajcarii jest absolutnie przepi\u0119kny i mamy nadziej\u0119 tu wr\u00f3ci\u0107 aby pochodzi\u0107 wi\u0119cej po g\u00f3rach lub poje\u017adzi\u0107 na nartach.<\/p>\n<p style=\"text-align: justify;\"><img data-attachment-id=\"3886\" data-permalink=\"http:\/\/eastwego.com\/pl\/trummelbach-interlaken-switzerland\/interlaken-and-waterfall-14\/\" data-orig-file=\"http:\/\/eastwego.com\/wp-content\/uploads\/2015\/06\/Interlaken-and-waterfall-14.jpg\" data-orig-size=\"800,450\" data-comments-opened=\"1\" data-image-meta=\"{&quot;aperture&quot;:&quot;3.2&quot;,&quot;credit&quot;:&quot;&quot;,&quot;camera&quot;:&quot;X10&quot;,&quot;caption&quot;:&quot;&quot;,&quot;created_timestamp&quot;:&quot;1432568832&quot;,&quot;copyright&quot;:&quot;&quot;,&quot;focal_length&quot;:&quot;7.6&quot;,&quot;iso&quot;:&quot;100&quot;,&quot;shutter_speed&quot;:&quot;0.003125&quot;,&quot;title&quot;:&quot;&quot;,&quot;orientation&quot;:&quot;0&quot;}\" data-image-title=\"Interlaken and waterfall-14\" data-image-description=\"\" data-medium-file=\"http:\/\/eastwego.com\/wp-content\/uploads\/2015\/06\/Interlaken-and-waterfall-14-300x169.jpg\" data-large-file=\"http:\/\/eastwego.com\/wp-content\/uploads\/2015\/06\/Interlaken-and-waterfall-14.jpg\" loading=\"lazy\" class=\"alignnone size-full wp-image-3886\" src=\"http:\/\/eastwego.com\/wp-content\/uploads\/2015\/06\/Interlaken-and-waterfall-14.jpg\" alt=\"Interlaken and waterfall-14\" width=\"800\" height=\"450\" srcset=\"http:\/\/eastwego.com\/wp-content\/uploads\/2015\/06\/Interlaken-and-waterfall-14.jpg 800w, http:\/\/eastwego.com\/wp-content\/uploads\/2015\/06\/Interlaken-and-waterfall-14-300x169.jpg 300w\" sizes=\"(max-width: 800px) 100vw, 800px\" \/><\/p>\n<p style=\"text-align: justify;\">Wi\u0119cej zdj\u0119\u0107 ze Szwajcarii <a href=\"http:\/\/eastwego.com\/pl\/photos-from-switzerland\/\" target=\"_blank\">tutaj<\/a>.<\/p>\n<p style=\"text-align: justify;\">Magda<\/p>","protected":false},"excerpt":{"rendered":"<p>W Szwajcarii pi\u0119knych miejsc na g\u00f3rskie spacery jest co niemiara. Otworzy\u0142am przewodnik, by znale\u017a\u0107 jak\u0105\u015b ciekaw\u0105 propozycj\u0119 na jednodniow\u0105 wycieczk\u0119 niedaleko Zurychu i przyt\u0142oczy\u0142a mnie ilo\u015b\u0107 polecanych miejsc, szlak\u00f3w g\u00f3rskich, ma\u0142ych wiosek na jeziorami itp. Jest z czego wybiera\u0107. Niestety pogoda nam nie sprzyja\u0142a, by\u0142o pochmurnie, deszczowo i ch\u0142odno. Nie byli\u015bmy ani przygotowani, ani ch\u0119tni, &#8230;<\/p>\n","protected":false},"author":1,"featured_media":3885,"comment_status":"open","ping_status":"open","sticky":false,"template":"","format":"standard","meta":{"spay_email":"","jetpack_publicize_message":"","jetpack_is_tweetstorm":false},"categories":[12,18,24,144],"tags":[44,168,161,169,170,164,16,167,165,160,162,166,163,50],"jetpack_featured_media_url":"http:\/\/eastwego.com\/wp-content\/uploads\/2015\/06\/Interlaken-and-waterfall-13.jpg","jetpack_publicize_connections":[],"jetpack_shortlink":"https:\/\/wp.me\/p5eCDx-10U","jetpack_sharing_enabled":true,"_links":{"self":[{"href":"http:\/\/eastwego.com\/pl\/wp-json\/wp\/v2\/posts\/3900"}],"collection":[{"href":"http:\/\/eastwego.com\/pl\/wp-json\/wp\/v2\/posts"}],"about":[{"href":"http:\/\/eastwego.com\/pl\/wp-json\/wp\/v2\/types\/post"}],"author":[{"embeddable":true,"href":"http:\/\/eastwego.com\/pl\/wp-json\/wp\/v2\/users\/1"}],"replies":[{"embeddable":true,"href":"http:\/\/eastwego.com\/pl\/wp-json\/wp\/v2\/comments?post=3900"}],"version-history":[{"count":1,"href":"http:\/\/eastwego.com\/pl\/wp-json\/wp\/v2\/posts\/3900\/revisions"}],"predecessor-version":[{"id":15813,"href":"http:\/\/eastwego.com\/pl\/wp-json\/wp\/v2\/posts\/3900\/revisions\/15813"}],"wp:featuredmedia":[{"embeddable":true,"href":"http:\/\/eastwego.com\/pl\/wp-json\/wp\/v2\/media\/3885"}],"wp:attachment":[{"href":"http:\/\/eastwego.com\/pl\/wp-json\/wp\/v2\/media?parent=3900"}],"wp:term":[{"taxonomy":"category","embeddable":true,"href":"http:\/\/eastwego.com\/pl\/wp-json\/wp\/v2\/categories?post=3900"},{"taxonomy":"post_tag","embeddable":true,"href":"http:\/\/eastwego.com\/pl\/wp-json\/wp\/v2\/tags?post=3900"}],"curies":[{"name":"wp","href":"https:\/\/api.w.org\/{rel}","templated":true}]}}